{"id":2143,"date":"2014-03-24T17:29:45","date_gmt":"2014-03-24T16:29:45","guid":{"rendered":"http:\/\/hkzr.hr\/hr\/?p=1420"},"modified":"2014-03-24T17:29:45","modified_gmt":"2014-03-24T16:29:45","slug":"konstituirani-su-sudovi-hkzr-u-ii-stupnju-za-razdoblje-od-2014-2018-god","status":"publish","type":"post","link":"https:\/\/hkzr.hr\/hr\/2014\/03\/konstituirani-su-sudovi-hkzr-u-ii-stupnju-za-razdoblje-od-2014-2018-god\/","title":{"rendered":"Konstituirani su Sudovi HKZR u I. i II. stupnju za razdoblje od 2014.-2018.god."},"content":{"rendered":"<p>Dana 20.o\u017eujka 2014. godine odr\u017eana je konstituiraju\u0107a sjednica Sudova HKZR.<\/p>\n<p><b>\u00a0<\/b><\/p>\n<p><b>Konstituirani su Sudovi HKZR u I. i II. stupnju za razdoblje od 2014.-2018.god. \u00a0<\/b><\/p>\n<p>&nbsp;<\/p>\n<p>Donosi se odluka o \u010dlanovima Suda HKZR u I. i II. Stupnju:<\/p>\n<p>Sud I. stupnja:<\/p>\n<p>Dejan Prgi\u0107, predstavnik SR DSI<\/p>\n<p>Irena Toma\u0161i\u0107, predstavnica SR ZRTD<\/p>\n<p>Ivana \u0160tedul, predstavnica SR DRT<\/p>\n<p>Ana Acman Bari\u0161i\u0107, predstavnica SR MLD<\/p>\n<p>&nbsp;<\/p>\n<p>Sud II.stupnja:<\/p>\n<p>Maja Mezak-Herceg, predstavnica SR MLD<\/p>\n<p>Mladen Novoseli\u0107, predstavnika SR DRT<\/p>\n<p>Ana Ljevar, predstavnica SR ZRTD<\/p>\n<p>Josipa Radas, predstavnica SR DSI<\/p>\n<p>&nbsp;<\/p>\n<p>Predsjednik Suda I.stupnja za sljede\u0107ih godinu dana je Dejan Prgi\u0107, predstavnik SR DSI, a zamjenik Irena Toma\u0161i\u0107, predstavnica SR ZRTD.<\/p>\n<p>Predsjednica Suda u II. stupnju za sljede\u0107ih godinu dana je Maja Mezak-Herceg, predstavnica SR MLD, a zamjenik Mladen Novoseli\u0107, predstavnik SR DRT.<\/p>\n","protected":false},"excerpt":{"rendered":"<p>Dana 20.o\u017eujka 2014. godine odr\u017eana je konstituiraju\u0107a sjednica Sudova HKZR. \u00a0 Konstituirani su Sudovi HKZR u I. i II. stupnju za razdoblje od 2014.-2018.god. \u00a0 &nbsp; Donosi se odluka o \u010dlanovima Suda HKZR u I. i II. Stupnju: Sud I. stupnja: Dejan Prgi\u0107, predstavnik SR DSI Irena Toma\u0161i\u0107, predstavnica SR ZRTD Ivana \u0160tedul, predstavnica SR <\/p>\n","protected":false},"author":1,"featured_media":0,"comment_status":"closed","ping_status":"open","sticky":false,"template":"","format":"standard","meta":{"footnotes":""},"categories":[28],"tags":[34,35,42,56,57,60,68,76,107],"yst_prominent_words":[],"class_list":{"0":"post-2143","1":"post","2":"type-post","3":"status-publish","4":"format-standard","6":"category-novosti","7":"tag-ana-acman-barisic","8":"tag-ana-ljevar","9":"tag-dejan-prgic","10":"tag-irena-tomasic","11":"tag-ivana-stedul","12":"tag-josipa-radas","13":"tag-maja-mezak-herceg","14":"tag-mladen-novoselic","15":"tag-sud-komore"},"_links":{"self":[{"href":"https:\/\/hkzr.hr\/hr\/wp-json\/wp\/v2\/posts\/2143","targetHints":{"allow":["GET"]}}],"collection":[{"href":"https:\/\/hkzr.hr\/hr\/wp-json\/wp\/v2\/posts"}],"about":[{"href":"https:\/\/hkzr.hr\/hr\/wp-json\/wp\/v2\/types\/post"}],"author":[{"embeddable":true,"href":"https:\/\/hkzr.hr\/hr\/wp-json\/wp\/v2\/users\/1"}],"replies":[{"embeddable":true,"href":"https:\/\/hkzr.hr\/hr\/wp-json\/wp\/v2\/comments?post=2143"}],"version-history":[{"count":0,"href":"https:\/\/hkzr.hr\/hr\/wp-json\/wp\/v2\/posts\/2143\/revisions"}],"wp:attachment":[{"href":"https:\/\/hkzr.hr\/hr\/wp-json\/wp\/v2\/media?parent=2143"}],"wp:term":[{"taxonomy":"category","embeddable":true,"href":"https:\/\/hkzr.hr\/hr\/wp-json\/wp\/v2\/categories?post=2143"},{"taxonomy":"post_tag","embeddable":true,"href":"https:\/\/hkzr.hr\/hr\/wp-json\/wp\/v2\/tags?post=2143"},{"taxonomy":"yst_prominent_words","embeddable":true,"href":"https:\/\/hkzr.hr\/hr\/wp-json\/wp\/v2\/yst_prominent_words?post=2143"}],"curies":[{"name":"wp","href":"https:\/\/api.w.org\/{rel}","templated":true}]}}