{"id":2142,"date":"2014-03-24T17:28:39","date_gmt":"2014-03-24T16:28:39","guid":{"rendered":"http:\/\/hkzr.hr\/hr\/?p=1418"},"modified":"2014-03-24T17:28:39","modified_gmt":"2014-03-24T16:28:39","slug":"konstituiran-je-nadzorni-odbor-hkzr-za-razdoblje-od-2014-2018-god","status":"publish","type":"post","link":"https:\/\/hkzr.hr\/hr\/2014\/03\/konstituiran-je-nadzorni-odbor-hkzr-za-razdoblje-od-2014-2018-god\/","title":{"rendered":"Konstituiran je Nadzorni odbor HKZR za razdoblje od 2014.-2018.god."},"content":{"rendered":"<p>Dana 20.o\u017eujka 2014. godine odr\u017eana je konstituiraju\u0107a sjednica Nadzornog odbora HKZR.<\/p>\n<p><b>\u00a0<\/b><\/p>\n<p><b>Konstituiran je Nadzorni odbor HKZR za razdoblje od 2014.-2018.god. u sljede\u0107em sastavu: <\/b><\/p>\n<p>&nbsp;<\/p>\n<p>Leon Ali\u010di\u0107, predstavnik SR ZRTD<\/p>\n<p>Darija Vrzi\u0107, predstavnica SR MLD<\/p>\n<p>Miroslav Subanovi\u0107, predstavnik SR DSI<\/p>\n<p>Marlena Kova\u010devi\u0107, predstavnica SR DRT<\/p>\n<p>&nbsp;<\/p>\n<p>Sukladno \u010dl. 2 Poslovnika o radu NO HKZR, prvi predsjednik NO u sljede\u0107ih godinu dana bit \u0107e predstavnik SR ZRTD, gosp Leon Ali\u010di\u0107, a zamjenica je predstavnica SR DRT g\u0111a Marlena Kova\u010devi\u0107.<\/p>\n","protected":false},"excerpt":{"rendered":"<p>Dana 20.o\u017eujka 2014. godine odr\u017eana je konstituiraju\u0107a sjednica Nadzornog odbora HKZR. \u00a0 Konstituiran je Nadzorni odbor HKZR za razdoblje od 2014.-2018.god. u sljede\u0107em sastavu: &nbsp; Leon Ali\u010di\u0107, predstavnik SR ZRTD Darija Vrzi\u0107, predstavnica SR MLD Miroslav Subanovi\u0107, predstavnik SR DSI Marlena Kova\u010devi\u0107, predstavnica SR DRT &nbsp; Sukladno \u010dl. 2 Poslovnika o radu NO HKZR, prvi <\/p>\n","protected":false},"author":1,"featured_media":0,"comment_status":"closed","ping_status":"open","sticky":false,"template":"","format":"standard","meta":{"footnotes":""},"categories":[28],"tags":[40,66,69,75,78],"yst_prominent_words":[],"class_list":{"0":"post-2142","1":"post","2":"type-post","3":"status-publish","4":"format-standard","6":"category-novosti","7":"tag-darija-vrzic","8":"tag-leon-alicic","9":"tag-marlena-kovacevic","10":"tag-miroslav-subanovic","11":"tag-nadzorni-odbor"},"_links":{"self":[{"href":"https:\/\/hkzr.hr\/hr\/wp-json\/wp\/v2\/posts\/2142","targetHints":{"allow":["GET"]}}],"collection":[{"href":"https:\/\/hkzr.hr\/hr\/wp-json\/wp\/v2\/posts"}],"about":[{"href":"https:\/\/hkzr.hr\/hr\/wp-json\/wp\/v2\/types\/post"}],"author":[{"embeddable":true,"href":"https:\/\/hkzr.hr\/hr\/wp-json\/wp\/v2\/users\/1"}],"replies":[{"embeddable":true,"href":"https:\/\/hkzr.hr\/hr\/wp-json\/wp\/v2\/comments?post=2142"}],"version-history":[{"count":0,"href":"https:\/\/hkzr.hr\/hr\/wp-json\/wp\/v2\/posts\/2142\/revisions"}],"wp:attachment":[{"href":"https:\/\/hkzr.hr\/hr\/wp-json\/wp\/v2\/media?parent=2142"}],"wp:term":[{"taxonomy":"category","embeddable":true,"href":"https:\/\/hkzr.hr\/hr\/wp-json\/wp\/v2\/categories?post=2142"},{"taxonomy":"post_tag","embeddable":true,"href":"https:\/\/hkzr.hr\/hr\/wp-json\/wp\/v2\/tags?post=2142"},{"taxonomy":"yst_prominent_words","embeddable":true,"href":"https:\/\/hkzr.hr\/hr\/wp-json\/wp\/v2\/yst_prominent_words?post=2142"}],"curies":[{"name":"wp","href":"https:\/\/api.w.org\/{rel}","templated":true}]}}