{"id":2141,"date":"2014-03-24T17:27:24","date_gmt":"2014-03-24T16:27:24","guid":{"rendered":"http:\/\/hkzr.hr\/hr\/?p=1416"},"modified":"2014-03-24T17:27:24","modified_gmt":"2014-03-24T16:27:24","slug":"konstituiran-je-novi-saziv-predsjednistva-hkzr-za-razdoblje-od-2014-2018-god","status":"publish","type":"post","link":"https:\/\/hkzr.hr\/hr\/2014\/03\/konstituiran-je-novi-saziv-predsjednistva-hkzr-za-razdoblje-od-2014-2018-god\/","title":{"rendered":"Konstituiran je novi saziv Predsjedni\u0161tva HKZR za razdoblje od 2014.-2018.god."},"content":{"rendered":"<p>Dana 17.o\u017eujka 2014. godine odr\u017eana je konstituiraju\u0107a sjednica Predsjedni\u0161tva HKZR.<\/p>\n<p><b>Konstituiran je novi saziv Predsjedni\u0161tva HKZR za razdoblje od 2014.-2018.god.<\/b><\/p>\n<p><b>\u00a0<\/b><\/p>\n<p>Konstituirano je Predsjedni\u0161tvo kao tijelo HKZR u sljede\u0107em sastavu:<\/p>\n<p>Jasna Mati\u0107, voditeljica SR MLD<\/p>\n<p>Bruno Cvetkovi\u0107, voditelj SR DSI<\/p>\n<p>Helena Medvedec, voditeljica SR ZRTD<\/p>\n<p>Sa\u0161a Radi\u0107, voditeljica SR DRT<\/p>\n<p>&nbsp;<\/p>\n<p>Na Izbornoj Skup\u0161tini Hrvatske komore zdravstvenih radnika odr\u017eanoj 01.03.2014. u Hotelu Antunovi\u0107 u Zagrebu je potvr\u0111ena nova predsjednica HKZR za sljede\u0107ih godinu dana, g\u0111a Jasna Mati\u0107, voditeljica Strukovnog razreda za medicinsko-laboratorijsku djelatnost, a sukladno \u010dl. 23 Statuta HKZR.<\/p>\n","protected":false},"excerpt":{"rendered":"<p>Dana 17.o\u017eujka 2014. godine odr\u017eana je konstituiraju\u0107a sjednica Predsjedni\u0161tva HKZR. Konstituiran je novi saziv Predsjedni\u0161tva HKZR za razdoblje od 2014.-2018.god. \u00a0 Konstituirano je Predsjedni\u0161tvo kao tijelo HKZR u sljede\u0107em sastavu: Jasna Mati\u0107, voditeljica SR MLD Bruno Cvetkovi\u0107, voditelj SR DSI Helena Medvedec, voditeljica SR ZRTD Sa\u0161a Radi\u0107, voditeljica SR DRT &nbsp; Na Izbornoj Skup\u0161tini Hrvatske <\/p>\n","protected":false},"author":1,"featured_media":0,"comment_status":"closed","ping_status":"open","sticky":false,"template":"","format":"standard","meta":{"footnotes":""},"categories":[28],"tags":[36,51,59,90,101],"yst_prominent_words":[],"class_list":{"0":"post-2141","1":"post","2":"type-post","3":"status-publish","4":"format-standard","6":"category-novosti","7":"tag-bruno-cvetkovic","8":"tag-helena-medvedec","9":"tag-jasna-matic","10":"tag-predsjednistvo","11":"tag-sasa-radic"},"_links":{"self":[{"href":"https:\/\/hkzr.hr\/hr\/wp-json\/wp\/v2\/posts\/2141","targetHints":{"allow":["GET"]}}],"collection":[{"href":"https:\/\/hkzr.hr\/hr\/wp-json\/wp\/v2\/posts"}],"about":[{"href":"https:\/\/hkzr.hr\/hr\/wp-json\/wp\/v2\/types\/post"}],"author":[{"embeddable":true,"href":"https:\/\/hkzr.hr\/hr\/wp-json\/wp\/v2\/users\/1"}],"replies":[{"embeddable":true,"href":"https:\/\/hkzr.hr\/hr\/wp-json\/wp\/v2\/comments?post=2141"}],"version-history":[{"count":0,"href":"https:\/\/hkzr.hr\/hr\/wp-json\/wp\/v2\/posts\/2141\/revisions"}],"wp:attachment":[{"href":"https:\/\/hkzr.hr\/hr\/wp-json\/wp\/v2\/media?parent=2141"}],"wp:term":[{"taxonomy":"category","embeddable":true,"href":"https:\/\/hkzr.hr\/hr\/wp-json\/wp\/v2\/categories?post=2141"},{"taxonomy":"post_tag","embeddable":true,"href":"https:\/\/hkzr.hr\/hr\/wp-json\/wp\/v2\/tags?post=2141"},{"taxonomy":"yst_prominent_words","embeddable":true,"href":"https:\/\/hkzr.hr\/hr\/wp-json\/wp\/v2\/yst_prominent_words?post=2141"}],"curies":[{"name":"wp","href":"https:\/\/api.w.org\/{rel}","templated":true}]}}